{"id":1467,"date":"2022-01-10T18:49:34","date_gmt":"2022-01-10T18:49:34","guid":{"rendered":"http:\/\/ragipsahin.com\/?p=1467"},"modified":"2022-05-18T10:05:56","modified_gmt":"2022-05-18T10:05:56","slug":"cebirsel-ifadelerde-sadelestirme-rasyonel-ifadeler","status":"publish","type":"post","link":"https:\/\/www.ragipsahin.com.tr\/?p=1467","title":{"rendered":"Cebirsel \u0130fadelerde Sadele\u015ftirme (rasyonel ifadeler)"},"content":{"rendered":"<p>8.s\u0131n\u0131f cebirsel ifadeler konusunda, \u00f6zde\u015flikler, \u00e7arpanlara ay\u0131rmadan sonraki b\u00f6l\u00fcm rasyonel ifadeler konusu ile alakal\u0131 soru \u00e7\u00f6z\u00fcm videosu burada yay\u0131nda&#8230;<\/p>\n<p><iframe loading=\"lazy\" title=\"\u00c7ARPANLARA AYIRMADA SADELE\u015eT\u0130RME - cehalet d\u00fc\u015fman\u0131\" frameborder=\"0\" width=\"500\" height=\"281\" src=\"https:\/\/geo.dailymotion.com\/player.html?video=xmnhs4&#038;\" allowfullscreen allow=\"autoplay; fullscreen; picture-in-picture; web-share\"><\/iframe><\/p>\n","protected":false},"excerpt":{"rendered":"<p>8.s\u0131n\u0131f cebirsel ifadeler konusunda, \u00f6zde\u015flikler, \u00e7arpanlara ay\u0131rmadan sonraki b\u00f6l\u00fcm rasyonel ifadeler konusu ile alakal\u0131 soru \u00e7\u00f6z\u00fcm videosu burada yay\u0131nda&#8230;<\/p>\n","protected":false},"author":1,"featured_media":17603,"comment_status":"open","ping_status":"open","sticky":false,"template":"","format":"video","meta":{"jetpack_post_was_ever_published":false,"_jetpack_newsletter_access":"","_jetpack_dont_email_post_to_subs":false,"_jetpack_newsletter_tier_id":0,"_jetpack_memberships_contains_paywalled_content":false,"_jetpack_memberships_contains_paid_content":false,"footnotes":"","jetpack_publicize_message":"","jetpack_publicize_feature_enabled":true,"jetpack_social_post_already_shared":true,"jetpack_social_options":{"image_generator_settings":{"template":"highway","default_image_id":0,"font":"","enabled":false},"version":2}},"categories":[4560],"tags":[534,80,533],"class_list":["post-1467","post","type-post","status-publish","format-video","has-post-thumbnail","hentry","category-8-sinif","tag-carpanlara-ayirma-sadelestirme","tag-cebirsel-ifadeler-konu-anlatim","tag-cebirsel-rasyonel-ifadeler","post_format-post-format-video"],"aioseo_notices":[],"jetpack_publicize_connections":[],"jetpack_featured_media_url":"https:\/\/i0.wp.com\/www.ragipsahin.com.tr\/wp-content\/uploads\/2016\/12\/PFAS.jpg?fit=640%2C480&ssl=1","jetpack_shortlink":"https:\/\/wp.me\/p2YBEC-nF","jetpack_sharing_enabled":true,"amp_enabled":true,"_links":{"self":[{"href":"https:\/\/www.ragipsahin.com.tr\/index.php?rest_route=\/wp\/v2\/posts\/1467","targetHints":{"allow":["GET"]}}],"collection":[{"href":"https:\/\/www.ragipsahin.com.tr\/index.php?rest_route=\/wp\/v2\/posts"}],"about":[{"href":"https:\/\/www.ragipsahin.com.tr\/index.php?rest_route=\/wp\/v2\/types\/post"}],"author":[{"embeddable":true,"href":"https:\/\/www.ragipsahin.com.tr\/index.php?rest_route=\/wp\/v2\/users\/1"}],"replies":[{"embeddable":true,"href":"https:\/\/www.ragipsahin.com.tr\/index.php?rest_route=%2Fwp%2Fv2%2Fcomments&post=1467"}],"version-history":[{"count":3,"href":"https:\/\/www.ragipsahin.com.tr\/index.php?rest_route=\/wp\/v2\/posts\/1467\/revisions"}],"predecessor-version":[{"id":23667,"href":"https:\/\/www.ragipsahin.com.tr\/index.php?rest_route=\/wp\/v2\/posts\/1467\/revisions\/23667"}],"wp:featuredmedia":[{"embeddable":true,"href":"https:\/\/www.ragipsahin.com.tr\/index.php?rest_route=\/wp\/v2\/media\/17603"}],"wp:attachment":[{"href":"https:\/\/www.ragipsahin.com.tr\/index.php?rest_route=%2Fwp%2Fv2%2Fmedia&parent=1467"}],"wp:term":[{"taxonomy":"category","embeddable":true,"href":"https:\/\/www.ragipsahin.com.tr\/index.php?rest_route=%2Fwp%2Fv2%2Fcategories&post=1467"},{"taxonomy":"post_tag","embeddable":true,"href":"https:\/\/www.ragipsahin.com.tr\/index.php?rest_route=%2Fwp%2Fv2%2Ftags&post=1467"}],"curies":[{"name":"wp","href":"https:\/\/api.w.org\/{rel}","templated":true}]}}