{"id":20289,"date":"2018-03-26T18:36:55","date_gmt":"2018-03-26T18:36:55","guid":{"rendered":"http:\/\/www.ragipsahin.com.tr\/?p=20289"},"modified":"2018-03-26T20:56:45","modified_gmt":"2018-03-26T20:56:45","slug":"liselere-gecis-yonergesi","status":"publish","type":"post","link":"https:\/\/www.ragipsahin.com.tr\/?p=20289","title":{"rendered":"L\u0130SELERE GE\u00c7\u0130\u015e Y\u00d6NERGES\u0130"},"content":{"rendered":"<p>Mill\u00ee E\u011fitim Bakanl\u0131\u011f\u0131nca, resmi ve \u00f6zel orta\u00f6\u011fretim kurumlar\u0131na ge\u00e7i\u015f i\u015flemleri ile ilgili usul ve esaslar\u0131 d\u00fczenleyen Orta\u00f6\u011fretime Ge\u00e7i\u015f Y\u00f6nergesi haz\u0131rland\u0131.<\/p>\n<p>Resmi ve \u00f6zel ortaokullar, imam hatip ortaokullar\u0131 ve ge\u00e7ici e\u011fitim merkezlerinin (GEM) 8. s\u0131n\u0131flar\u0131nda \u00f6\u011frenim g\u00f6ren \u00f6\u011frencilerin fen liseleri, sosyal bilimler liseleri, proje uygulayan e\u011fitim kurumlar\u0131 ile mesleki ve teknik Anadolu liselerinin Anadolu teknik programlar\u0131na yerle\u015ftirilmesi amac\u0131yla Bakanl\u0131k\u00e7a merkezi s\u0131nav yap\u0131lacak. Bu liselere merkezi s\u0131nav puan\u0131yla (MSP) \u00f6\u011frenci yerle\u015ftirilecek.<\/p>\n<p>Y\u00f6nergede &#8220;orta\u00f6\u011fretim kay\u0131t alan\u0131&#8221;, e\u011fitimde s\u00fcreklilik ve co\u011frafi b\u00fct\u00fcnl\u00fck esas\u0131na dayal\u0131 olarak \u00f6\u011frenci say\u0131s\u0131, okul t\u00fcr\u00fc, kontenjan ve donan\u0131mlar\u0131 g\u00f6z \u00f6n\u00fcnde bulundurularak, il veya il\u00e7e milli e\u011fitim m\u00fcd\u00fcrl\u00fc\u011f\u00fcnce ortaokul ve liselerin birbirleriyle e\u015fle\u015ftirildi\u011fi ve tercihe ba\u011fl\u0131 olarak kay\u0131t yap\u0131labilecek farkl\u0131 orta\u00f6\u011fretim kurumlar\u0131ndan olu\u015fturulan alan olarak tan\u0131mland\u0131.<\/p>\n<p>Merkezi s\u0131navla \u00f6\u011frenci alan fen liseleri, sosyal bilimler liseleri, proje uygulayan e\u011fitim kurumlar\u0131 ile mesleki ve teknik Anadolu liselerinin Anadolu teknik programlar\u0131 d\u0131\u015f\u0131nda, orta\u00f6\u011fretim kay\u0131t alan\u0131 ve k\u0131lavuzla belirlenen usul ve esaslara g\u00f6re \u00f6\u011frenci alan orta\u00f6\u011fretim kurumlar\u0131 s\u0131navs\u0131z \u00f6\u011frenci alacak.<\/p>\n<p><strong>S\u0131nav say\u0131sal ve s\u00f6zel iki b\u00f6l\u00fcmden olu\u015facak<\/strong><\/p>\n<p>Y\u00f6nergeye g\u00f6re, Orta\u00f6\u011fretime Ge\u00e7i\u015f Uygulamas\u0131 kapsam\u0131nda merkezi s\u0131nav, s\u00f6zel ve say\u0131sal olmak \u00fczere iki b\u00f6l\u00fcmden olu\u015facak. S\u00f6zel b\u00f6l\u00fcmde, T\u00fcrk\u00e7e, din k\u00fclt\u00fcr\u00fc ve ahlak bilgisi, T.C. ink\u0131lap tarihi ve Atat\u00fcrk\u00e7\u00fcl\u00fck ile yabanc\u0131 dil; say\u0131sal b\u00f6l\u00fcmde ise matematik ve fen bilimleri alanlar\u0131ndan sorular yer alacak. S\u0131nav ayn\u0131 g\u00fcn i\u00e7erisinde iki oturum halinde uygulanacak. S\u0131nav tarihi, yeri, uygulanmas\u0131 ve di\u011fer hususlar her y\u0131l \u00d6l\u00e7me, De\u011ferlendirme ve S\u0131nav Hizmetleri Genel M\u00fcd\u00fcrl\u00fc\u011f\u00fcnce haz\u0131rlanacak k\u0131lavuzda belirtilecek. S\u0131nav sorular\u0131, 8. s\u0131n\u0131f T\u00fcrk\u00e7e, matematik, fen bilimleri, din k\u00fclt\u00fcr\u00fc ve ahlak bilgisi, T.C. ink\u0131lap tarihi ve Atat\u00fcrk\u00e7\u00fcl\u00fck ve yabanc\u0131 dil derslerinin \u00f6\u011fretim programlar\u0131nda belirlenen kazan\u0131mlar esas al\u0131narak \u00f6\u011frencinin okudu\u011funu anlama, yorumlama, sonu\u00e7 \u00e7\u0131karma, problem \u00e7\u00f6zme, analiz yapma, ele\u015ftirel d\u00fc\u015f\u00fcnme, bilimsel s\u00fcre\u00e7 becerileri ve benzeri becerilerini \u00f6l\u00e7ecek nitelikte haz\u0131rlanacak.<\/p>\n<p><strong>Orta\u00f6\u011fretim kurumlar\u0131na yerle\u015ftirme<\/strong><\/p>\n<p>Orta\u00f6\u011fretim kurumlar\u0131na resmi ve \u00f6zel ortaokullar, imam hatip ortaokullar\u0131 ve ge\u00e7ici e\u011fitim merkezlerini (GEM) bitiren \u00f6\u011frenciler, kay\u0131t alan\u0131, bilgi, beceri ve yetenekleri do\u011frultusunda s\u0131navl\u0131 veya s\u0131navs\u0131z olarak yerle\u015ftirilecek.<\/p>\n<p>Merkezi s\u0131nav puan\u0131 ile \u00f6\u011frenci alan okullar\u0131n belirlenen kontenjanlar\u0131na, puan \u00fcst\u00fcnl\u00fc\u011f\u00fcne g\u00f6re, tercihleri do\u011frultusunda \u00d6l\u00e7me, De\u011ferlendirme ve S\u0131nav Hizmetleri Genel M\u00fcd\u00fcrl\u00fc\u011f\u00fcnce yap\u0131lacak. Merkezi s\u0131navla \u00f6\u011frenci alan okullarda merkezi s\u0131nav puan\u0131n\u0131n e\u015fitli\u011fi halinde, Ortaokul Ba\u015far\u0131 Puan\u0131\u00b4na (OBP), \u00f6\u011frencinin do\u011fum tarihine g\u00f6re ya\u015f\u0131 k\u00fc\u00e7\u00fck olana, 8. 7. ve 6. s\u0131n\u0131flardaki y\u0131l sonu ba\u015far\u0131 puan\u0131 (YBP) \u00fcst\u00fcnl\u00fc\u011f\u00fcne, okula \u00f6z\u00fcrs\u00fcz devams\u0131zl\u0131k yap\u0131lan g\u00fcn say\u0131s\u0131n\u0131n azl\u0131\u011f\u0131na ve tercih \u00f6nceli\u011fi durumlar\u0131na bak\u0131larak yerle\u015ftirme yap\u0131lacak. Merkezi s\u0131nav\u0131 ve yetenek s\u0131nav\u0131 ile \u00f6\u011frenci alan okullar\u0131n belirlenen kontenjanlar\u0131na, puan \u00fcst\u00fcnl\u00fc\u011f\u00fcne g\u00f6re yerle\u015ftirme yap\u0131lacak.<\/p>\n<p><strong>Yerel yerle\u015ftirme<\/strong><\/p>\n<p>S\u0131navs\u0131z \u00f6\u011frenci alan okullara yerle\u015ftirme i\u015flemi, il ve il\u00e7e milli e\u011fitim m\u00fcd\u00fcrl\u00fcklerince belirlenen orta\u00f6\u011fretim kay\u0131t alanlar\u0131 i\u00e7indeki s\u0131navs\u0131z \u00f6\u011frenci alan orta\u00f6\u011fretim kurumlar\u0131na belirlenen kontenjanlara g\u00f6re yap\u0131lacak.<\/p>\n<p>Yerel yerle\u015ftirme i\u015flemleri, okulun ba\u011fl\u0131 bulundu\u011fu genel m\u00fcd\u00fcrl\u00fck ile il veya il\u00e7e milli e\u011fitim m\u00fcd\u00fcrl\u00fcklerinin sorumlulu\u011funda Bakanl\u0131k\u00e7a y\u00fcr\u00fct\u00fclecek. Yerel yerle\u015ftirme, orta\u00f6\u011fretim kay\u0131t alan\u0131, okullar\u0131n t\u00fcr\u00fc, okullar\u0131n kontenjan\u0131, okullar\u0131n bulunduklar\u0131 yer, okullar\u0131n pansiyon durumu ile \u00f6\u011frencilerin ikamet adresleri, \u00f6\u011frencilerin okullarda bulunu\u015fluklar\u0131, tercihler, okul ba\u015far\u0131 puanlar\u0131, devam-devams\u0131zl\u0131k ve ya\u015f gibi kriterler g\u00f6z \u00f6n\u00fcnde bulundurularak yap\u0131lacak.<\/p>\n<p>\u00d6\u011frenimlerini T\u00fcrkiye\u00b4deki ortaokullar\u0131n 8\u00b4inci s\u0131n\u0131f\u0131na denk bir s\u0131n\u0131fta yurt d\u0131\u015f\u0131nda Bakanl\u0131\u011fa ba\u011fl\u0131 olmayan e\u011fitim kurumlar\u0131nda s\u00fcrd\u00fcren \u00f6\u011frenciler, \u00f6\u011frenim belgesi ile ba\u015fvurarak merkezi s\u0131nava kat\u0131labilecekler.<\/p>\n<p>\u00d6te yandan, fen ve sosyal bilimler liseleri, proje uygulayan e\u011fitim kurumlar\u0131 ile mesleki ve teknik anadolu liselerinin anadolu teknik programlar\u0131na \u00f6\u011frenci se\u00e7me merkezi s\u0131nav e-k\u0131lavuzu nisan ay\u0131nda ilan edilecek. K\u0131lavuz ile merkezi s\u0131nav puan\u0131yla \u00f6\u011frenci alan okullar\u0131n listesi de duyurulacak.<\/p>\n<p><a href=\"https:\/\/drive.google.com\/file\/d\/14FrpVyIcau7HRsLv4fihzsPsHvDYyM5V\/view\" target=\"_blank\" rel=\"noopener\">Y\u00d6NERGE<\/a><\/p>\n<p>kaynak:\u00a0http:\/\/www.meb.gov.tr\/liselere-gecis-yonergesi-hazirlandi\/haber\/15997\/tr<\/p>\n","protected":false},"excerpt":{"rendered":"<p>Mill\u00ee E\u011fitim Bakanl\u0131\u011f\u0131nca, resmi ve \u00f6zel orta\u00f6\u011fretim kurumlar\u0131na ge\u00e7i\u015f i\u015flemleri ile ilgili usul ve esaslar\u0131 d\u00fczenleyen Orta\u00f6\u011fretime Ge\u00e7i\u015f Y\u00f6nergesi haz\u0131rland\u0131. Resmi ve \u00f6zel ortaokullar, imam hatip ortaokullar\u0131 ve ge\u00e7ici e\u011fitim merkezlerinin (GEM) 8. s\u0131n\u0131flar\u0131nda \u00f6\u011frenim g\u00f6ren \u00f6\u011frencilerin fen liseleri, sosyal bilimler liseleri, proje uygulayan e\u011fitim kurumlar\u0131 ile mesleki ve teknik Anadolu liselerinin Anadolu teknik programlar\u0131na &hellip;<\/p>\n","protected":false},"author":3,"featured_media":20290,"comment_status":"open","ping_status":"open","sticky":false,"template":"","format":"standard","meta":{"jetpack_post_was_ever_published":false,"_jetpack_newsletter_access":"","_jetpack_dont_email_post_to_subs":false,"_jetpack_newsletter_tier_id":0,"_jetpack_memberships_contains_paywalled_content":false,"_jetpack_memberships_contains_paid_content":false,"footnotes":"","jetpack_publicize_message":"","jetpack_publicize_feature_enabled":true,"jetpack_social_post_already_shared":true,"jetpack_social_options":{"image_generator_settings":{"template":"highway","default_image_id":0,"font":"","enabled":false},"version":2}},"categories":[1],"tags":[3810,3811],"class_list":["post-20289","post","type-post","status-publish","format-standard","has-post-thumbnail","hentry","category-genel","tag-liselere-gecis-yonergesi","tag-liselere-gecis-yonetmeligi"],"aioseo_notices":[],"jetpack_publicize_connections":[],"jetpack_featured_media_url":"https:\/\/i0.wp.com\/www.ragipsahin.com.tr\/wp-content\/uploads\/2018\/03\/liselere-ge%C3%A7i%C5%9F-y%C3%B6nergesi.jpg?fit=822%2C406&ssl=1","jetpack_shortlink":"https:\/\/wp.me\/p2YBEC-5hf","jetpack_sharing_enabled":true,"amp_enabled":true,"_links":{"self":[{"href":"https:\/\/www.ragipsahin.com.tr\/index.php?rest_route=\/wp\/v2\/posts\/20289","targetHints":{"allow":["GET"]}}],"collection":[{"href":"https:\/\/www.ragipsahin.com.tr\/index.php?rest_route=\/wp\/v2\/posts"}],"about":[{"href":"https:\/\/www.ragipsahin.com.tr\/index.php?rest_route=\/wp\/v2\/types\/post"}],"author":[{"embeddable":true,"href":"https:\/\/www.ragipsahin.com.tr\/index.php?rest_route=\/wp\/v2\/users\/3"}],"replies":[{"embeddable":true,"href":"https:\/\/www.ragipsahin.com.tr\/index.php?rest_route=%2Fwp%2Fv2%2Fcomments&post=20289"}],"version-history":[{"count":3,"href":"https:\/\/www.ragipsahin.com.tr\/index.php?rest_route=\/wp\/v2\/posts\/20289\/revisions"}],"predecessor-version":[{"id":20293,"href":"https:\/\/www.ragipsahin.com.tr\/index.php?rest_route=\/wp\/v2\/posts\/20289\/revisions\/20293"}],"wp:featuredmedia":[{"embeddable":true,"href":"https:\/\/www.ragipsahin.com.tr\/index.php?rest_route=\/wp\/v2\/media\/20290"}],"wp:attachment":[{"href":"https:\/\/www.ragipsahin.com.tr\/index.php?rest_route=%2Fwp%2Fv2%2Fmedia&parent=20289"}],"wp:term":[{"taxonomy":"category","embeddable":true,"href":"https:\/\/www.ragipsahin.com.tr\/index.php?rest_route=%2Fwp%2Fv2%2Fcategories&post=20289"},{"taxonomy":"post_tag","embeddable":true,"href":"https:\/\/www.ragipsahin.com.tr\/index.php?rest_route=%2Fwp%2Fv2%2Ftags&post=20289"}],"curies":[{"name":"wp","href":"https:\/\/api.w.org\/{rel}","templated":true}]}}